{"id":6,"__str__":"Frente Parlamentar do Associativismo, Servi\u00e7os e Com\u00e9rcio 2025-2026","link_detail_backend":"/sistema/frente/6","metadata":{},"nome":"Frente Parlamentar do Associativismo, Servi\u00e7os e Com\u00e9rcio 2025-2026","descricao":"PORTARIA N.\u00ba 145/2025-GP, DE 24 DE SETEMBRO DE 2025\r\n\r\nNomeia a Comiss\u00e3o da Frente Parlamentar do Associativismo, Servi\u00e7os e Com\u00e9rcio, no Poder Legislativo Apodiense para o Bi\u00eanio 2025/2026.\r\n\r\nO Presidente da C\u00e2mara Municipal de Apodi-RN, Sr. Filipe Gustavo de Lima Oliveira, no uso de suas atribui\u00e7\u00f5es legais, e de conformidade com o disposto da Lei Org\u00e2nica do Munic\u00edpio e do Regimento Interno desta Casa Legislativa, e a Resolu\u00e7\u00e3o N.\u00ba 148/2025 de 19 de maio de 2025, RESOLVE:\r\nArt. 1\u00ba - Nomear os seguintes Vereadores para comporem a COMISS\u00c3O DA FRENTE PARLAMENTAR DO ASSOCIATIVISMO, SERVI\u00c7OS E COM\u00c9RCIO DA C\u00c2MARA MUNICIPAL DE APODI-RN:\r\n\r\nPresidente -  RONALDO ADRIANE DE OLIVEIRA E SILVA \u2013 PSDB \r\nSecret\u00e1rio - ANT\u00d4NIO LAETE OLIVEIRA DE SOUZA \u2013 MDB \r\nMembro - EDNARTE DA SILVEIRA E SILVA \u2013 MDB  \r\n\r\nArt. 2\u00ba - Revogadas as disposi\u00e7\u00f5es em contr\u00e1rio esta Portaria entra em vigor na data de sua publica\u00e7\u00e3o.\r\n\r\nREGISTRE-SE, PUBLIQUE-SE E CUMPRA-SE.\r\n\r\nGabinete do Presidente da C\u00e2mara Municipal de Apodi/RN, em 24 de setembro de 2025.\r\n\r\nFILIPE GUSTAVO DE LIMA OLIVEIRA \r\nPresidente da C\u00e2mara de Apodi","data_criacao":"2025-09-24","data_extincao":null}