{"id":393,"__str__":"Projetos de Lei Ordin\u00e1ria (PL) n\u00ba 276 de 2022","link_detail_backend":"/materia/393","metadata":{},"numero":276,"ano":2022,"numero_protocolo":null,"data_apresentacao":"2022-10-13","tipo_apresentacao":"E","data_publicacao":null,"numero_origem_externa":"","ano_origem_externa":null,"data_origem_externa":null,"apelido":"","dias_prazo":null,"data_fim_prazo":null,"em_tramitacao":false,"polemica":false,"objeto":"","complementar":false,"ementa":"PROJETO DE LEI N\u00ba 276/2022 \u2013 AUTOR ADAILTON TARGINO-MDB \u2013 Acrescenta o Inciso VIII ao artigo 27 da Lei Complementar N\u00ba 016, de 04 de abril de 2022 (Institui o novo c\u00f3digo Tribut\u00e1rio do municipio de Apodi e d\u00e1 outras providencias.","indexacao":"","observacao":"VETO INTEGRAL AO PROJETO DE LEI N\u00ba 276/2022 \u2013 AUTOR PODER EXECUTIVO (AUTOR DO PROJETO DE LEI ADAILTON TARGINO-MDB) \u2013 Acrescenta o Inciso VIII ao artigo 27 da Lei Complementar N\u00ba 016, de 04 de abril de 2022 (Institui o novo c\u00f3digo Tribut\u00e1rio do municipio de Apodi e d\u00e1 outras providencias. https://camaraapodi.rn.gov.br/atividade-legislativa/materias-legislativas/materia-legislativa/1280/detalhe/  Encaminhando as Comiss\u00f5es na Sess\u00e3o Ordin\u00e1ria do dia 13 de outubro de 2022. Aprovado na Sess\u00e3o Ordin\u00e1ria do dia 3 de novembro de 2022. Veto ao Projeto de Lei encaminhando as Comiss\u00f5es do dia 24 de novembro de 2022. Retirado de Pauta na Sess\u00e3o Ordin\u00e1ria do dia 7 de dezembro de 2022. https://camaraapodi.rn.gov.br/atividade-legislativa/materias-legislativas/materia-legislativa/1355/detalhe/ A pedido da Presid\u00eancia da Comiss\u00e3o de Turismo,  atrav\u00e9s do Oficio N\u00ba 056/2023 em 16/05/23 o arquivamento do referido Veto ao projeto de lei, deferido pela Presid\u00eancia da CMA em 17/05/2023.","resultado":"","texto_original":"http://sapl.apodi.rn.leg.br/media/sapl/public/materialegislativa/2022/393/projeto_de_lei_n_276_2022_20221103_0001.pdf","data_ultima_atualizacao":"2023-08-01T09:46:50.532787-03:00","ip":"168.232.153.172","ultima_edicao":"2023-08-01T09:44:23.730996-03:00","tipo":1,"regime_tramitacao":1,"tipo_origem_externa":null,"local_origem_externa":null,"user":2,"anexadas":[],"autores":[7]}