{"id":259,"__str__":"Mo\u00e7\u00f5es de Aplausos e Congratula\u00e7\u00f5es (MAC) n\u00ba 93 de 2023","link_detail_backend":"/materia/259","metadata":{},"numero":93,"ano":2023,"numero_protocolo":null,"data_apresentacao":"2023-03-09","tipo_apresentacao":"E","data_publicacao":null,"numero_origem_externa":"","ano_origem_externa":null,"data_origem_externa":null,"apelido":"","dias_prazo":null,"data_fim_prazo":null,"em_tramitacao":false,"polemica":false,"objeto":"","complementar":false,"ementa":"MO\u00c7\u00c3O DE APLAUSOS E CONGRATULA\u00c7\u00d5ES \u2013 AUTOR PODER LEGISLATIVO \u2013 Ao Cap\u00edtulo Pr\u00edncipe Vale do Apodi da Ordem DeMolay, do Munic\u00edpio de Apodi \u2013 RN - Pelos relevantes servi\u00e7os prestados a comunidade Apodiense, parabenizando-os e expressando a nossa gratid\u00e3o pelos servi\u00e7os prestados, desejando-lhes que Deus derrame muitas b\u00ean\u00e7\u00e3os e gra\u00e7as sobre todos em suas vidas.","indexacao":"","observacao":"https://camaraapodi.rn.gov.br/atividade-legislativa/materias-legislativas/materia-legislativa/1502/detalhe/ Aprovada na Sess\u00e3o Ordin\u00e1ria do dia 9 de mar\u00e7o de 2023.","resultado":"","texto_original":"http://sapl.apodi.rn.leg.br/media/sapl/public/materialegislativa/2023/259/mocao_de_aplausos_e_congratulacoes_demolay_20230310_0001.pdf","data_ultima_atualizacao":"2023-07-26T09:19:05.349704-03:00","ip":"168.232.153.172","ultima_edicao":"2023-07-26T09:16:55.955764-03:00","tipo":15,"regime_tramitacao":1,"tipo_origem_externa":null,"local_origem_externa":null,"user":2,"anexadas":[],"autores":[]}