{"id":1708,"__str__":"Recurso n\u00ba 1 de 2023","link_detail_backend":"/materia/1708","metadata":{},"numero":1,"ano":2023,"numero_protocolo":null,"data_apresentacao":"2023-09-28","tipo_apresentacao":"E","data_publicacao":null,"numero_origem_externa":"","ano_origem_externa":null,"data_origem_externa":null,"apelido":"","dias_prazo":null,"data_fim_prazo":null,"em_tramitacao":false,"polemica":false,"objeto":"","complementar":false,"ementa":"Recurso impetrado pelos Vereadores \u00c2ngelo Suassuna-SD, Filipe Gustavo-PL, Carlin de Dand\u00e3o-PSB, Alexandre Bevenuto-Sem Partido, Andreazo Alves-PL e Junior Carlos-PSB \u2013 Onde foi pedido a Suspens\u00e3o do Ato da Mesa Diretora N\u00ba 032/2023 e Decis\u00e3o do Presidente em exerc\u00edcio que antecipou a Sess\u00e3o Ordin\u00e1ria do dia 21 de setembro de 2023.","indexacao":"","observacao":"VOTA\u00c7\u00c3O DO PARECER DA COMISS\u00c3O DE CONSTITUI\u00c7\u00c3O, JUSTI\u00c7A E REDA\u00c7\u00c3O - Sobre o Recurso impetrado pelos Vereadores \u00c2ngelo Suassuna-SD, Filipe Gustavo-PL, Carlin de Dand\u00e3o-PSB, Alexandre Bevenuto-Sem Partido, Andreazo Alves-PL e Junior Carlos-PSB \u2013 Onde foi pedido a Suspens\u00e3o do Ato da Mesa Diretora N\u00ba 032/2023 e Decis\u00e3o do Presidente em exerc\u00edcio que antecipou a Sess\u00e3o Ordin\u00e1ria do dia 21 de setembro de 2023. Retirado de Pauta, para arquivamento, a pedido do Vereador \u00c2ngelo Suassuna-SD e Aprovado pelo Plen\u00e1rio na Sess\u00e3o Ordin\u00e1ria do dia 28 de setembro de 2023. Arquivado dia 29 de setembro de 2023.","resultado":"","texto_original":"http://sapl.apodi.rn.leg.br/media/sapl/public/materialegislativa/2023/1708/recurso_pedindo_suspensao_do_ato_da_mesa_diretora_n_32_2023__20230929_0001.pdf","data_ultima_atualizacao":"2023-09-29T09:19:04.631074-03:00","ip":"168.232.153.172","ultima_edicao":"2023-09-29T09:19:02.490299-03:00","tipo":17,"regime_tramitacao":1,"tipo_origem_externa":null,"local_origem_externa":null,"user":2,"anexadas":[],"autores":[11,15,10,18,14,17]}