{"id":1571,"__str__":"Mo\u00e7\u00f5es de Aplausos e Congratula\u00e7\u00f5es (MAC) n\u00ba 23 de 2021","link_detail_backend":"/materia/1571","metadata":{},"numero":23,"ano":2021,"numero_protocolo":null,"data_apresentacao":"2021-08-12","tipo_apresentacao":"E","data_publicacao":null,"numero_origem_externa":"","ano_origem_externa":null,"data_origem_externa":null,"apelido":"","dias_prazo":null,"data_fim_prazo":null,"em_tramitacao":false,"polemica":false,"objeto":"","complementar":false,"ementa":"MO\u00c7\u00c3O DE APLAUSOS E CONGRATULA\u00c7\u00d5ES \u2013 AUTOR J\u00daNIOR SOUZA-MDB - FACULDADE CAT\u00d3LICA DO RIO GRANDE DO NORTE, pela Inaugura\u00e7\u00e3o das instala\u00e7\u00f5es f\u00edsicas do Centro de Pr\u00e1ticas M\u00faltiplas Dom Jo\u00e3o Costa (designa\u00e7\u00e3o dada como mem\u00f3ria da Escola Dom Jo\u00e3o Costa em homenagem ao Segundo Bispo Diocesano de Mossor\u00f3-RN). Aprovado na Sess\u00e3o Ordin\u00e1ria do dia 12 de agosto de 2021","indexacao":"","observacao":"","resultado":"","texto_original":"http://sapl.apodi.rn.leg.br/media/sapl/public/materialegislativa/2021/1571/mocao_de_aplausos_e_congratulacoes_faculdade_catolica_do_rio_grande_do_norte_autor_junior_souza_mdb.pdf","data_ultima_atualizacao":"2023-09-14T11:06:48.284804-03:00","ip":"168.232.153.172","ultima_edicao":"2023-09-14T11:06:48.145318-03:00","tipo":15,"regime_tramitacao":1,"tipo_origem_externa":null,"local_origem_externa":null,"user":2,"anexadas":[],"autores":[8]}