{"id":1357,"__str__":"Requerimentos (REQ) n\u00ba 193 de 2023","link_detail_backend":"/materia/1357","metadata":{},"numero":193,"ano":2023,"numero_protocolo":null,"data_apresentacao":"2023-08-31","tipo_apresentacao":"E","data_publicacao":null,"numero_origem_externa":"","ano_origem_externa":null,"data_origem_externa":null,"apelido":"","dias_prazo":null,"data_fim_prazo":null,"em_tramitacao":false,"polemica":false,"objeto":"","complementar":false,"ementa":"REQUERIMENTO N\u00b0 193/2023 - AUTOR JUNIOR SOUZA - MDB - Requer a licen\u00e7a do cargo de vereador, para tratamento de sa\u00fade em conformidade com a Lei Org\u00e2nica e Regimento Interno diante de Processo administrativo. Aprovado na Sess\u00e3o ordin\u00e1ria do dia 31 de agosto de 2023.","indexacao":"","observacao":"","resultado":"","texto_original":"http://sapl.apodi.rn.leg.br/media/sapl/public/materialegislativa/2023/1357/requerimento_n_193_2023_-_licenca_do_cargo_de_vereador_20230831_0001.pdf","data_ultima_atualizacao":"2023-09-04T10:32:16.102979-03:00","ip":"168.232.153.172","ultima_edicao":"2023-09-04T10:31:11.972606-03:00","tipo":13,"regime_tramitacao":1,"tipo_origem_externa":null,"local_origem_externa":null,"user":2,"anexadas":[],"autores":[8]}